{"id":873,"date":"2015-04-21T16:10:49","date_gmt":"2015-04-21T14:10:49","guid":{"rendered":"http:\/\/weingut-pfannebecker.de\/?p=873"},"modified":"2021-01-07T17:08:13","modified_gmt":"2021-01-07T15:08:13","slug":"21-april-2015-ersatzpflanzungen","status":"publish","type":"post","link":"http:\/\/weingut-pfannebecker.de\/?p=873","title":{"rendered":"21.April 2015: Ersatzpflanzungen"},"content":{"rendered":"<p><span style=\"font-size: 16px;\">Es ist Fr\u00fchjahr. Der Bestand auf den Feldern ist begutachtet.<\/span><\/p>\n<table border=\"0\" width=\"400\" cellspacing=\"0\" cellpadding=\"2\">\n<tbody>\n<tr>\n<td valign=\"top\" width=\"200\"><a href=\"http:\/\/weingut-pfannebecker.de\/wp-content\/uploads\/2016\/05\/IMG_2147.jpg\"><img loading=\"lazy\" decoding=\"async\" style=\"background-image: none; padding-top: 0px; padding-left: 0px; display: inline; padding-right: 0px; border: 0px;\" title=\"IMG_2147\" src=\"http:\/\/weingut-pfannebecker.de\/wp-content\/uploads\/2016\/05\/IMG_2147_thumb.jpg\" alt=\"IMG_2147\" width=\"360\" height=\"241\" border=\"0\" \/><\/a><\/td>\n<td valign=\"top\" width=\"200\"><a href=\"http:\/\/weingut-pfannebecker.de\/wp-content\/uploads\/2016\/05\/IMG_2139.jpg\"><img loading=\"lazy\" decoding=\"async\" style=\"background-image: none; padding-top: 0px; padding-left: 0px; display: inline; padding-right: 0px; border: 0px;\" title=\"IMG_2139\" src=\"http:\/\/weingut-pfannebecker.de\/wp-content\/uploads\/2016\/05\/IMG_2139_thumb.jpg\" alt=\"IMG_2139\" width=\"362\" height=\"243\" border=\"0\" \/><\/a><\/td>\n<\/tr>\n<tr>\n<td valign=\"top\" width=\"200\"><a href=\"http:\/\/weingut-pfannebecker.de\/wp-content\/uploads\/2016\/05\/IMG_2143.jpg\"><img loading=\"lazy\" decoding=\"async\" style=\"background-image: none; padding-top: 0px; padding-left: 0px; display: inline; padding-right: 0px; border: 0px;\" title=\"IMG_2143\" src=\"http:\/\/weingut-pfannebecker.de\/wp-content\/uploads\/2016\/05\/IMG_2143_thumb.jpg\" alt=\"IMG_2143\" width=\"362\" height=\"243\" border=\"0\" \/><\/a><\/td>\n<td valign=\"top\" width=\"200\"><a href=\"http:\/\/weingut-pfannebecker.de\/wp-content\/uploads\/2016\/05\/IMG_2144.jpg\"><img loading=\"lazy\" decoding=\"async\" style=\"background-image: none; padding-top: 0px; padding-left: 0px; display: inline; padding-right: 0px; border: 0px;\" title=\"IMG_2144\" src=\"http:\/\/weingut-pfannebecker.de\/wp-content\/uploads\/2016\/05\/IMG_2144_thumb.jpg\" alt=\"IMG_2144\" width=\"361\" height=\"242\" border=\"0\" \/><\/a><\/td>\n<\/tr>\n<tr>\n<td valign=\"top\" width=\"200\"><a href=\".\/wp-content\/uploads\/2016\/05\/IMG_2145.jpg\"><img loading=\"lazy\" decoding=\"async\" style=\"background-image: none; padding-top: 0px; padding-left: 0px; display: inline; padding-right: 0px; border: 0px;\" title=\"IMG_2145\" src=\".\/wp-content\/uploads\/2016\/05\/IMG_2145_thumb.jpg\" alt=\"IMG_2145\" width=\"357\" height=\"240\" border=\"0\" \/><\/a><\/td>\n<td valign=\"top\" width=\"200\"><span style=\"font-size: 16px;\">Die ersten Triebe wagen sich an die Fr\u00fchjahrssonne. Sie werden besonders gesch\u00fctzt.<\/span><\/td>\n<\/tr>\n<tr>\n<td valign=\"top\" width=\"200\"><\/td>\n<td valign=\"top\" width=\"200\"><\/td>\n<\/tr>\n<\/tbody>\n<\/table>\n<p><span style=\"font-size: 16px;\">Pflanzen, die abgestorben sind oder nicht mehr ertragreich sein werden, werden in Handarbeit ersetzt.<\/span><\/p>\n<table border=\"0\" width=\"400\" cellspacing=\"0\" cellpadding=\"2\">\n<tbody>\n<tr>\n<td valign=\"top\" width=\"200\"><a href=\"http:\/\/weingut-pfannebecker.de\/wp-content\/uploads\/2016\/05\/IMG_2138.jpg\"><img loading=\"lazy\" decoding=\"async\" style=\"background-image: none; padding-top: 0px; padding-left: 0px; display: inline; padding-right: 0px; border: 0px;\" title=\"IMG_2138\" src=\"http:\/\/weingut-pfannebecker.de\/wp-content\/uploads\/2016\/05\/IMG_2138_thumb.jpg\" alt=\"IMG_2138\" width=\"227\" height=\"339\" border=\"0\" \/><\/a><\/td>\n<td valign=\"top\" width=\"200\"><a href=\"http:\/\/weingut-pfannebecker.de\/wp-content\/uploads\/2016\/05\/IMG_2160.jpg\"><img loading=\"lazy\" decoding=\"async\" style=\"background-image: none; padding-top: 0px; padding-left: 0px; display: inline; padding-right: 0px; border: 0px;\" title=\"IMG_2160\" src=\"http:\/\/weingut-pfannebecker.de\/wp-content\/uploads\/2016\/05\/IMG_2160_thumb.jpg\" alt=\"IMG_2160\" width=\"227\" height=\"339\" border=\"0\" \/><\/a><\/td>\n<\/tr>\n<tr>\n<td valign=\"top\" width=\"200\"><a href=\"http:\/\/weingut-pfannebecker.de\/wp-content\/uploads\/2016\/05\/IMG_2156.jpg\"><img loading=\"lazy\" decoding=\"async\" style=\"background-image: none; padding-top: 0px; padding-left: 0px; display: inline; padding-right: 0px; border: 0px;\" title=\"IMG_2156\" src=\"http:\/\/weingut-pfannebecker.de\/wp-content\/uploads\/2016\/05\/IMG_2156_thumb.jpg\" alt=\"IMG_2156\" width=\"330\" height=\"221\" border=\"0\" \/><\/a><\/td>\n<td valign=\"top\" width=\"200\"><a href=\"http:\/\/weingut-pfannebecker.de\/wp-content\/uploads\/2016\/05\/IMG_2157.jpg\"><img loading=\"lazy\" decoding=\"async\" style=\"background-image: none; padding-top: 0px; padding-left: 0px; display: inline; padding-right: 0px; border: 0px;\" title=\"IMG_2157\" src=\"http:\/\/weingut-pfannebecker.de\/wp-content\/uploads\/2016\/05\/IMG_2157_thumb.jpg\" alt=\"IMG_2157\" width=\"333\" height=\"223\" border=\"0\" \/><\/a><\/td>\n<\/tr>\n<\/tbody>\n<\/table>\n<p><a href=\"http:\/\/weingut-pfannebecker.de\/wp-content\/uploads\/2016\/05\/IMG_2158.jpg\"><img loading=\"lazy\" decoding=\"async\" class=\"\" style=\"background-image: none; padding-top: 0px; padding-left: 0px; display: inline; padding-right: 0px; border: 0px;\" title=\"IMG_2158\" src=\"http:\/\/weingut-pfannebecker.de\/wp-content\/uploads\/2016\/05\/IMG_2158_thumb.jpg\" alt=\"IMG_2158\" width=\"601\" height=\"404\" border=\"0\" \/><\/a><\/p>\n","protected":false},"excerpt":{"rendered":"<p>Es ist Fr\u00fchjahr. Der Bestand auf den Feldern ist begutachtet. Die ersten Triebe wagen sich an die Fr\u00fchjahrssonne. Sie werden besonders gesch\u00fctzt. Pflanzen, die abgestorben sind oder nicht mehr ertragreich sein werden, werden in Handarbeit ersetzt.<\/p>\n","protected":false},"author":1,"featured_media":882,"comment_status":"closed","ping_status":"closed","sticky":false,"template":"","format":"standard","meta":{"footnotes":""},"categories":[6],"tags":[],"class_list":["post-873","post","type-post","status-publish","format-standard","has-post-thumbnail","hentry","category-betrieb"],"_links":{"self":[{"href":"http:\/\/weingut-pfannebecker.de\/index.php?rest_route=\/wp\/v2\/posts\/873","targetHints":{"allow":["GET"]}}],"collection":[{"href":"http:\/\/weingut-pfannebecker.de\/index.php?rest_route=\/wp\/v2\/posts"}],"about":[{"href":"http:\/\/weingut-pfannebecker.de\/index.php?rest_route=\/wp\/v2\/types\/post"}],"author":[{"embeddable":true,"href":"http:\/\/weingut-pfannebecker.de\/index.php?rest_route=\/wp\/v2\/users\/1"}],"replies":[{"embeddable":true,"href":"http:\/\/weingut-pfannebecker.de\/index.php?rest_route=%2Fwp%2Fv2%2Fcomments&post=873"}],"version-history":[{"count":7,"href":"http:\/\/weingut-pfannebecker.de\/index.php?rest_route=\/wp\/v2\/posts\/873\/revisions"}],"predecessor-version":[{"id":1056,"href":"http:\/\/weingut-pfannebecker.de\/index.php?rest_route=\/wp\/v2\/posts\/873\/revisions\/1056"}],"wp:featuredmedia":[{"embeddable":true,"href":"http:\/\/weingut-pfannebecker.de\/index.php?rest_route=\/wp\/v2\/media\/882"}],"wp:attachment":[{"href":"http:\/\/weingut-pfannebecker.de\/index.php?rest_route=%2Fwp%2Fv2%2Fmedia&parent=873"}],"wp:term":[{"taxonomy":"category","embeddable":true,"href":"http:\/\/weingut-pfannebecker.de\/index.php?rest_route=%2Fwp%2Fv2%2Fcategories&post=873"},{"taxonomy":"post_tag","embeddable":true,"href":"http:\/\/weingut-pfannebecker.de\/index.php?rest_route=%2Fwp%2Fv2%2Ftags&post=873"}],"curies":[{"name":"wp","href":"https:\/\/api.w.org\/{rel}","templated":true}]}}