{"id":816,"date":"2014-08-23T21:14:00","date_gmt":"2014-08-23T19:14:00","guid":{"rendered":"http:\/\/pran.de\/wp_wein\/?p=816"},"modified":"2021-01-07T17:09:29","modified_gmt":"2021-01-07T15:09:29","slug":"zypressen-im-wonnegau","status":"publish","type":"post","link":"http:\/\/weingut-pfannebecker.de\/?p=816","title":{"rendered":"Zypressen im Wonnegau?"},"content":{"rendered":"<p><strong>Das gab Diskussionsstoff!<\/strong><a href=\"http:\/\/pran.de\/wp_wein\/wp-content\/uploads\/2016\/04\/IMG_0232.jpg\"><strong><img loading=\"lazy\" decoding=\"async\" title=\"IMG_0232\" style=\"border-top: 0px; border-right: 0px; background-image: none; border-bottom: 0px; float: right; padding-top: 0px; padding-left: 0px; border-left: 0px; display: inline; padding-right: 0px\" border=\"0\" alt=\"IMG_0232\" src=\"http:\/\/pran.de\/wp_wein\/wp-content\/uploads\/2016\/04\/IMG_0232_thumb.jpg\" width=\"472\" align=\"right\" height=\"316\"><\/strong><\/a><\/p>\n<p>&nbsp;<\/p>\n<p>&nbsp;<\/p>\n<p>Zypressen sind ja eigentlich keine B\u00e4ume, die in unserer Gegend heimisch sind. <\/p>\n<p>Wir (das ist eine Gemeinschaft von Weinbauern, die neben Ihrer Arbeit auch etwas f\u00fcr das Erscheinungsbild ihrer Heimat tun) haben uns dann doch daf\u00fcr entschieden.<\/p>\n<p>Die Meinung war, dass diese schlank wachsenden B\u00e4ume nicht den Blick beengen, sondern entsprechend der Pflanzung zwar entlang des Weges f\u00fchren, ohne den Blick auf die Landschaft zu verschlie\u00dfen.<\/p>\n<p>&nbsp;<\/p>\n<p>&nbsp;<\/p>\n<p>Dieser Weg f\u00fchrt im \u00dcbrigen zu einer Quelle, die \u2013 ebenfalls in Eigenleistung \u2013 zu einem Wasserspender umgebaut wurde, an dem man sich bei Spazierg\u00e4ngen durch unsere von der Sonne verw\u00f6hnte Heimat gerne erfrischen kann.<\/p>\n<p><a href=\"http:\/\/pran.de\/wp_wein\/wp-content\/uploads\/2016\/04\/IMG_0213.jpg\"><img loading=\"lazy\" decoding=\"async\" title=\"IMG_0213\" style=\"border-top: 0px; border-right: 0px; background-image: none; border-bottom: 0px; float: none; padding-top: 0px; padding-left: 0px; margin-left: auto; border-left: 0px; display: block; padding-right: 0px; margin-right: auto\" border=\"0\" alt=\"IMG_0213\" src=\"http:\/\/pran.de\/wp_wein\/wp-content\/uploads\/2016\/04\/IMG_0213_thumb.jpg\" width=\"476\" height=\"319\"><\/a><\/p>\n","protected":false},"excerpt":{"rendered":"<p>Das gab Diskussionsstoff! &nbsp; &nbsp; Zypressen sind ja eigentlich keine B\u00e4ume, die in unserer Gegend heimisch sind. Wir (das ist eine Gemeinschaft von Weinbauern, die neben Ihrer Arbeit auch etwas f\u00fcr das Erscheinungsbild ihrer Heimat tun) haben uns dann doch daf\u00fcr entschieden. Die Meinung war, dass diese schlank wachsenden B\u00e4ume nicht den Blick beengen, sondern &hellip; <a href=\"http:\/\/weingut-pfannebecker.de\/?p=816\" class=\"more-link\"><span class=\"screen-reader-text\">Zypressen im Wonnegau?<\/span> weiterlesen <span class=\"meta-nav\">&rarr;<\/span><\/a><\/p>\n","protected":false},"author":1,"featured_media":820,"comment_status":"closed","ping_status":"closed","sticky":false,"template":"","format":"standard","meta":{"footnotes":""},"categories":[17],"tags":[],"class_list":["post-816","post","type-post","status-publish","format-standard","has-post-thumbnail","hentry","category-landschaft"],"_links":{"self":[{"href":"http:\/\/weingut-pfannebecker.de\/index.php?rest_route=\/wp\/v2\/posts\/816","targetHints":{"allow":["GET"]}}],"collection":[{"href":"http:\/\/weingut-pfannebecker.de\/index.php?rest_route=\/wp\/v2\/posts"}],"about":[{"href":"http:\/\/weingut-pfannebecker.de\/index.php?rest_route=\/wp\/v2\/types\/post"}],"author":[{"embeddable":true,"href":"http:\/\/weingut-pfannebecker.de\/index.php?rest_route=\/wp\/v2\/users\/1"}],"replies":[{"embeddable":true,"href":"http:\/\/weingut-pfannebecker.de\/index.php?rest_route=%2Fwp%2Fv2%2Fcomments&post=816"}],"version-history":[{"count":5,"href":"http:\/\/weingut-pfannebecker.de\/index.php?rest_route=\/wp\/v2\/posts\/816\/revisions"}],"predecessor-version":[{"id":823,"href":"http:\/\/weingut-pfannebecker.de\/index.php?rest_route=\/wp\/v2\/posts\/816\/revisions\/823"}],"wp:featuredmedia":[{"embeddable":true,"href":"http:\/\/weingut-pfannebecker.de\/index.php?rest_route=\/wp\/v2\/media\/820"}],"wp:attachment":[{"href":"http:\/\/weingut-pfannebecker.de\/index.php?rest_route=%2Fwp%2Fv2%2Fmedia&parent=816"}],"wp:term":[{"taxonomy":"category","embeddable":true,"href":"http:\/\/weingut-pfannebecker.de\/index.php?rest_route=%2Fwp%2Fv2%2Fcategories&post=816"},{"taxonomy":"post_tag","embeddable":true,"href":"http:\/\/weingut-pfannebecker.de\/index.php?rest_route=%2Fwp%2Fv2%2Ftags&post=816"}],"curies":[{"name":"wp","href":"https:\/\/api.w.org\/{rel}","templated":true}]}}